{"values":{"#title":"Andr\u00e9-Marie Amp\u00e8re sur Europe1","#content":"\t<script type=\"text\/javascript\">\n\t\t$(document).ready(function(){\n\t\t\t\t\t\t\tprocessPosition('#actuality_display_top', 96);\n\t\t\t\t\t});\n\t<\/script>\n\t\t\t<div class=\"row\">\n\t\t\t<div class=\"col-1 mb-1 pt-4\">\n\t\t\t\t\t\t\t\t<a class=\"content-process\" data-loader=\"#ajax_loader\" data-modal=\"\" href=\"\/18\/actuality_display_ajax?route=actuality_manage\" title=\"Actualit&eacute; pr&eacute;c&eacute;dente\">\n\t\t\t\t\t<i class=\"fa-solid fa-chevron-left navigate-chevron\"><\/i>\n\t\t\t\t<\/a>\n\t\t\t\t\t\t\t<\/div>\n\t\t\t<div class=\"col-10 mb-1 pt-2\">\n\t\t\t\t<h2 class=\"text-center\">Andr\u00e9-Marie Amp\u00e8re sur Europe1<\/h2>\n\t\t\t<\/div>\t\n\t\t\t<div class=\"col-1 mb-1 pt-4 text-right\">\n\t\t\t\t\t\t\t\t<a class=\"content-process\" data-loader=\"#ajax_loader\" data-modal=\"\" href=\"\/16\/actuality_display_ajax?route=actuality_manage\" title=\"Actualit&eacute; suivante\">\n\t\t\t\t\t<i class=\"fa-solid fa-chevron-right navigate-chevron\"><\/i>\n\t\t\t\t<\/a>\n\t\t\t\t\t\t\t<\/div>\t\n\t\t<\/div>\n\t\t<div class=\"divider-yellow mt-1 mb-2\"><\/div>\n\t<div class=\"row\">\n\t\t\t\t\t<div class=\"col-md-4\">\n\t\t\t\t<img class=\"img-fluid\" src=\"\/web\/img\/actualitys\/CWijKsDyySqjhXopyuiHNkQZ.jpg\">\n\t\t\t\t<div class=\"divider divider-md\"><\/div>\n\t\t\t<\/div>\t\n\t\t\t<div class=\"col-md-8\">\n\t\t\t\t\t\t\n\t\t\t\t\t\t\t<div class=\"embed-responsive embed-responsive-16by9\">\t\n\t\t\t\t\t<iframe class=\"embed-responsive-item\" allowfullscreen=\"\" frameborder=\"0\" src=\"https:\/\/www.europe1.fr\/emissions\/les-recits-de-stephane-bern\/andre-marie-ampere-4175922\"><\/iframe>\n\t\t\t\t<\/div>\n\t\t\t\t\t\t\t\t\t<div class=\"divider\"><\/div>\n\t\t\t\t\t\n\t\t\t\t\t\t\t\t\t\t<p>L'\u00e9mission journali\u00e8re \"Historiquement V\u00f4tre\" de St\u00e9phane Bern sur Europe 1 du 3 avril \u00e9tait consacr\u00e9e \u00e0 l'\u00e9lectricit\u00e9 et notamment \u00e0 la vie d'Andr\u00e9-Marie Amp\u00e8re.<\/p>\n\t\t\t\t\t\t<p class=\"display-date\">Jeudi 13 Avril 2023<\/p>\n\t\t<\/div>\t\n\t<\/div>\t\n"},"success":"","error":""}