{"values":{"#title":"Le D\u00e9fi \u00c9nerg\u00e9tique - Conf\u00e9rences \u00e0 Lyon du 1er mars au 5 avri","#content":"\t<script type=\"text\/javascript\">\n\t\t$(document).ready(function(){\n\t\t\t\t\t\t\tprocessPosition('#actuality_display_top', 96);\n\t\t\t\t\t});\n\t<\/script>\n\t\t\t<div class=\"row\">\n\t\t\t<div class=\"col-1 mb-1 pt-4\">\n\t\t\t\t\t\t\t\t<a class=\"content-process\" data-loader=\"#ajax_loader\" data-modal=\"\" href=\"\/16\/actuality_display_ajax?route=actuality_manage\" title=\"Actualit&eacute; pr&eacute;c&eacute;dente\">\n\t\t\t\t\t<i class=\"fa-solid fa-chevron-left navigate-chevron\"><\/i>\n\t\t\t\t<\/a>\n\t\t\t\t\t\t\t<\/div>\n\t\t\t<div class=\"col-10 mb-1 pt-2\">\n\t\t\t\t<h2 class=\"text-center\">Le D\u00e9fi \u00c9nerg\u00e9tique - Conf\u00e9rences \u00e0 Lyon du 1er mars au 5 avri<\/h2>\n\t\t\t<\/div>\t\n\t\t\t<div class=\"col-1 mb-1 pt-4 text-right\">\n\t\t\t\t\t\t\t\t<a class=\"content-process\" data-loader=\"#ajax_loader\" data-modal=\"\" href=\"\/14\/actuality_display_ajax?route=actuality_manage\" title=\"Actualit&eacute; suivante\">\n\t\t\t\t\t<i class=\"fa-solid fa-chevron-right navigate-chevron\"><\/i>\n\t\t\t\t<\/a>\n\t\t\t\t\t\t\t<\/div>\t\n\t\t<\/div>\n\t\t<div class=\"divider-yellow mt-1 mb-2\"><\/div>\n\t<div class=\"row\">\n\t\t\t\t\t<div class=\"col-md-4\">\n\t\t\t\t<img class=\"img-fluid\" src=\"\/web\/img\/actualitys\/fUgUSzscrjqLxhVNDvkCiZRx.jpg\">\n\t\t\t\t<div class=\"divider divider-md\"><\/div>\n\t\t\t<\/div>\t\n\t\t\t<div class=\"col-md-8\">\n\t\t\t\t\t\t\n\t\t\t\t\t\t\t\t\t\t<div class=\"display-article\"><p align=\"center\" style=\"text-align:center\"><span style=\"font-size:16.0pt\"><span style=\"color:#0070c0\">Le D&eacute;fi &Eacute;nerg&eacute;tique<\/span><\/span><\/p>\r\n\r\n<p align=\"center\" style=\"text-align:center\"><i><span style=\"font-size:14.0pt\"><span style=\"color:#c55a11\">Cycle de Conf&eacute;rences Physique et Chimie au Printemps 2023<\/span><\/span><\/i><\/p>\r\n\r\n<p align=\"center\" style=\"text-align:center\"><i><span style=\"font-size:12.0pt\">La section Rh&ocirc;ne de la Soci&eacute;t&eacute; Fran&ccedil;aise de Physique, la F&eacute;d&eacute;ration de Physique Andr&eacute;e Marie-Amp&egrave;re et l&rsquo;Union de Professeurs de Physique et Chimie (UdPPC) ont le plaisir de proposer ce nouveau cycle de conf&eacute;rences qui se tiendront &agrave; Lyon sur le campus de la Doua tous les mercredis du 1er mars au 5 avril 2023.<\/span><\/i><\/p>\r\n\r\n<p align=\"center\" style=\"text-align:center\"><span style=\"color:#1f497d\">Sont associ&eacute;s &agrave; ce programme la Soci&eacute;t&eacute; de Chimie de France, la Soci&eacute;t&eacute; des Amis d&rsquo;Andr&eacute;-Marie Amp&egrave;re et la Soci&eacute;t&eacute; de l&#39;Electricit&eacute;, de l&#39;Electronique et des TIC<\/span><\/p>\r\n\r\n<p align=\"center\" style=\"text-align:center\">&nbsp;<\/p>\r\n\r\n<p><b><i><span style=\"font-size:16.0pt\">Programme (<a href=\"https:\/\/framaforms.org\/cycle-de-conferences-le-defi-energetique-1675344500\">inscriptions<span style=\"color:#1f497d\">- gratuite mais obligatoire-<\/span> et informations&nbsp;ici<\/a>)<\/span><\/i><\/b><\/p>\r\n\r\n<p align=\"center\" style=\"text-align:center\">&nbsp;<\/p>\r\n\r\n<ul>\r\n\t<li><span style=\"line-height:90%\"><span style=\"font-size:14.0pt\"><span style=\"line-height:90%\"><span calibri=\"\" style=\"font-family:\"><span style=\"color:#c55a11\">1<sup><span style=\"position:relative\"><span style=\"top:-6.0pt\">er<\/span><\/span><\/sup> mars. <\/span><\/span><\/span><\/span><b><span style=\"font-size:14.0pt\"><span style=\"line-height:90%\"><span calibri=\"\" style=\"font-family:\"><span style=\"color:black\">Hubert de la Grandi&egrave;re<\/span><\/span><\/span><\/span><\/b><span style=\"font-size:14.0pt\"><span style=\"line-height:90%\"><span calibri=\"\" style=\"font-family:\"><span style=\"color:black\">, SuperGrid Institute<\/span><\/span><\/span><\/span><\/span><\/li>\r\n<\/ul>\r\n\r\n<p style=\"margin-left:48px\">&nbsp;<\/p>\r\n\r\n<p>&nbsp;<\/p>\r\n\r\n<ul>\r\n\t<li><span style=\"line-height:90%\"><span lang=\"PT-BR\" style=\"font-size:14.0pt\"><span style=\"line-height:90%\"><span calibri=\"\" style=\"font-family:\"><span style=\"color:#c55a11\">8 mars. <\/span><\/span><\/span><\/span><b><span style=\"font-size:14.0pt\"><span style=\"line-height:90%\"><span calibri=\"\" style=\"font-family:\"><span style=\"color:black\">Mohamed Amara, <\/span><\/span><\/span><\/span><\/b><span style=\"font-size:14.0pt\"><span style=\"line-height:90%\"><span calibri=\"\" style=\"font-family:\"><span style=\"color:black\">INL, INSA Lyon<\/span><\/span><\/span><\/span><\/span><\/li>\r\n<\/ul>\r\n\r\n<p style=\"margin-left:48px\"><span style=\"line-height:90%\"><span style=\"font-size:14.0pt\"><span style=\"line-height:90%\"><a href=\"https:\/\/www.sfp150ans.fr\/evenements\/conference-le-defi-du-photovoltaique\/\">Le d&eacute;fi du photovolta&iuml;que<\/a><\/span><\/span><\/span><\/p>\r\n\r\n<p style=\"margin-left:48px\">&nbsp;<\/p>\r\n\r\n<ul>\r\n\t<li><span style=\"line-height:90%\"><span style=\"font-size:14.0pt\"><span style=\"line-height:90%\"><span calibri=\"\" style=\"font-family:\"><span style=\"color:#c55a11\">15 mars. <\/span><\/span><\/span><\/span><b><span style=\"font-size:14.0pt\"><span style=\"line-height:90%\"><span calibri=\"\" style=\"font-family:\"><span style=\"color:black\">Marc Fontecave<\/span><\/span><\/span><\/span><\/b><span style=\"font-size:14.0pt\"><span style=\"line-height:90%\"><span calibri=\"\" style=\"font-family:\"><span style=\"color:black\">, Professeur au Coll&egrave;ge de France et membre de l&rsquo;Acad&eacute;mie de Sciences<\/span><\/span><\/span><\/span><\/span><\/li>\r\n<\/ul>\r\n\r\n<p style=\"margin-left:48px\"><span style=\"line-height:90%\"><span style=\"font-size:14.0pt\"><span style=\"line-height:90%\"><a href=\"https:\/\/www.sfp150ans.fr\/evenements\/conference-le-defi-la-necessite-et-les-contraintes-de-la-transition-energetique\/\">Le d&eacute;fi et les contraintes de la transition &eacute;nerg&eacute;tique<\/a><\/span><\/span><\/span><\/p>\r\n\r\n<p style=\"margin-left:48px\">&nbsp;<\/p>\r\n\r\n<ul>\r\n\t<li><span style=\"line-height:90%\"><span style=\"font-size:14.0pt\"><span style=\"line-height:90%\"><span calibri=\"\" style=\"font-family:\"><span style=\"color:#c55a11\">22 mars. <\/span><\/span><\/span><\/span><b><span style=\"font-size:14.0pt\"><span style=\"line-height:90%\"><span calibri=\"\" style=\"font-family:\"><span style=\"color:black\">Alain Becoulet<\/span><\/span><\/span><\/span><\/b><span style=\"font-size:14.0pt\"><span style=\"line-height:90%\"><span calibri=\"\" style=\"font-family:\"><span style=\"color:black\">, directeur du domaine Ing&eacute;nierie d&lsquo;ITER<\/span><\/span><\/span><\/span><\/span><\/li>\r\n<\/ul>\r\n\r\n<p style=\"margin-left:48px\"><span style=\"line-height:90%\"><span style=\"font-size:14.0pt\"><span style=\"line-height:90%\"><a href=\"https:\/\/www.sfp150ans.fr\/evenements\/conference-le-defi-de-la-fusion-nucleaire\/\">Le d&eacute;fi de la fusion nucl&eacute;aire<\/a><\/span><\/span><\/span><\/p>\r\n\r\n<p style=\"margin-left:48px\">&nbsp;<\/p>\r\n\r\n<ul>\r\n\t<li><span style=\"line-height:90%\"><span style=\"font-size:14.0pt\"><span style=\"line-height:90%\"><span calibri=\"\" style=\"font-family:\"><span style=\"color:#c55a11\">29 mars. <\/span><\/span><\/span><\/span><b><span style=\"font-size:14.0pt\"><span style=\"line-height:90%\"><span calibri=\"\" style=\"font-family:\"><span style=\"color:black\">Nathalie Millard-Pinard, <\/span><\/span><\/span><\/span><\/b><span style=\"font-size:14.0pt\"><span style=\"line-height:90%\"><span calibri=\"\" style=\"font-family:\"><span style=\"color:black\">IP2I, Univ. Lyon 1 &amp; CNRS<\/span><\/span><\/span><\/span><\/span><\/li>\r\n<\/ul>\r\n\r\n<p style=\"margin-left:48px\"><span style=\"line-height:90%\"><span style=\"font-size:14.0pt\"><span style=\"line-height:90%\"><a href=\"https:\/\/www.sfp150ans.fr\/evenements\/conference-le-defi-de-la-fission-nucleaire\/\" target=\"_blank\">Le d&eacute;fi de la fission nucl&eacute;aire<\/a><\/span><\/span><\/span><\/p>\r\n\r\n<p style=\"margin-left:48px\">&nbsp;<\/p>\r\n\r\n<ul>\r\n\t<li><span style=\"line-height:90%\"><span style=\"font-size:14.0pt\"><span style=\"line-height:90%\"><span calibri=\"\" style=\"font-family:\"><span style=\"color:#c55a11\">5 avril. <\/span><\/span><\/span><\/span><b><span style=\"font-size:14.0pt\"><span style=\"line-height:90%\"><span calibri=\"\" style=\"font-family:\"><span style=\"color:black\">Jean-Marie Tarascon<\/span><\/span><\/span><\/span><\/b><span style=\"font-size:14.0pt\"><span style=\"line-height:90%\"><span calibri=\"\" style=\"font-family:\"><span style=\"color:black\">, Professeur au Coll&egrave;ge de France, M&eacute;daille d&rsquo;or du CNRS<\/span><\/span><\/span><\/span><\/span><\/li>\r\n<\/ul>\r\n\r\n<p style=\"margin-left:48px\"><span style=\"line-height:90%\"><span style=\"font-size:14.0pt\"><span style=\"line-height:90%\"><a href=\"https:\/\/www.sfp150ans.fr\/evenements\/conference-le-defi-des-batteries-pour-un-developpement-durable\/\">Le d&eacute;fi des batteries : sont-elles une bonne option pour le d&eacute;veloppement durable ?<\/a><\/span><\/span><\/span><\/p>\r\n<\/div>\n\t\t\t\t\t\t<p class=\"display-date\">Mardi 21 F\u00e9vrier 2023<\/p>\n\t\t<\/div>\t\n\t<\/div>\t\n"},"success":"","error":""}